{"id":14656,"date":"2026-08-26T08:50:38","date_gmt":"2026-08-26T06:50:38","guid":{"rendered":"https:\/\/kalisara-ric.ba\/?p=14656"},"modified":"2026-08-26T08:51:47","modified_gmt":"2026-08-26T06:51:47","slug":"video-glas-za-one-koji-se-boje-govoriti","status":"publish","type":"post","link":"https:\/\/kalisara-ric.ba\/index.php\/2026\/08\/26\/video-glas-za-one-koji-se-boje-govoriti\/","title":{"rendered":"Video: Glas za one koji se boje govoriti\u00a0"},"content":{"rendered":"\n<p class=\"wp-block-paragraph\">Iako su brojne politike i programi za unapre\u0111enje polo\u017eaja Roma pokretani jo\u0161 od sredine 2000-ih, tema ratnih zlo\u010dina nad romskom populacijom gotovo da nije bila prisutna. U institucijama se \u010desto smatralo da \u201enije vrijeme\u201c za takve razgovore i da se prioritet treba staviti na socio-ekonomska pitanja.<\/p>\n\n\n\n<p class=\"wp-block-paragraph\">Sanela Be\u0161i\u0107, izvr\u0161na direktorica udru\u017eenja Kali Sara \u2013 Romski informativni centar i istra\u017eiva\u010dica na projektu istra\u017eivanja stradanja Roma, isti\u010de da je upravo takav pristup doveo do dugogodi\u0161nje \u0161utnje. Iako je kroz raniji rad na istra\u017eivanju stradanja Jevreja i Roma u Drugom svjetskom ratu postojala svijest da bi se i rat iz devedesetih morao istra\u017eiti, sistematski koraci nisu preduzimani sve do nedavno.<\/p>\n\n\n\n<p class=\"wp-block-paragraph\">Po\u010detak istra\u017eivanja otvorio je i li\u010dne pri\u010de. Kroz provjeru podataka o nestalima i stradalima, saznanja su do\u0161la i do vlastite porodice \u2014 \u010dlanovi porodice koji su \u017eivjeli na podru\u010dju Srebrenice nalazili su se me\u0111u ubijenima i sahranjenima u Poto\u010darima. Takva iskustva pokazala su koliko su informacije o sudbinama Roma ostajale nepoznate \u010dak i njihovim najbli\u017eima.<\/p>\n\n\n\n<p class=\"wp-block-paragraph\">Terenski rad otkrio je i razmjere razaranja romskih zajednica. Mnoge prijeratne lokacije danas su potpuno napu\u0161tene i devastirane \u2014 posebno na podru\u010dju Podrinja, uklju\u010duju\u0107i Bratunac, Zvornik, Vlasenicu, Gora\u017ede i Fo\u010du. Brojne porodice su protjerane ili ubijene, a tragovi njihovog \u017eivota gotovo su nestali. Prikupljena svjedo\u010danstva govore o razli\u010ditim oblicima nasilja: od odvo\u0111enja u logore i ubistava do seksualnog nasilja nad \u017eenama i djevoj\u010dicama. Posebno je te\u0161ko bilo do\u0107i do ovih pri\u010da, jer mnoge \u017ertve i danas \u017eive u blizini po\u010dinilaca i strah ih sprje\u010dava da javno govore. Zbog toga su istra\u017eiva\u010di \u010desto postajali glas onih koji se ne usu\u0111uju istupiti.<\/p>\n\n\n\n<p class=\"wp-block-paragraph\">Iako su pojedine \u017ertve davale izjave neposredno nakon rata, veliki broj njih nikada nije stekao status civilne \u017ertve rata. Stigma, strah i dru\u0161tveni pritisak doprinijeli su da mnoge \u017eene nikada ne prijave zlo\u010dine koje su pre\u017eivjele, posebno kada je rije\u010d o seksualnom nasilju. Posljedice su vidljive i danas \u2014 mnogi pre\u017eivjeli \u017eive u te\u0161kim socioekonomskim uslovima, bez adekvatne psiholo\u0161ke i institucionalne podr\u0161ke. Zbog toga cilj istra\u017eivanja nije samo dokumentovanje pro\u0161losti, ve\u0107 i stvaranje osnove za priznanje i podr\u0161ku.<\/p>\n\n\n\n<p class=\"wp-block-paragraph\">\u201eIz sjene u sje\u0107anje\u201c je serijal koji dokumentuje i priznaje romske \u017ertve rata, koje su ostale izvan slu\u017ebenih narativa i ve\u0107ine registara. Serijal realizuje Kali Sara \u2013 Romski informativni centar, kroz projekat \u201cUnapre\u0111enje u\u010de\u0161\u0107a Roma u tranzicijskoj pravdi u BiH\u201d, finansiran sredstvima Vlade Ujedinjenog Kraljevstva.<\/p>\n\n\n\n<figure class=\"wp-block-embed is-type-video is-provider-youtube wp-block-embed-youtube wp-embed-aspect-16-9 wp-has-aspect-ratio\"><div class=\"wp-block-embed__wrapper\">\n<div class=\"jlvid_container\"><iframe title=\"Glas za one koji se boje govoriti | Iz sjene u sje\u0107anje\" width=\"1200\" height=\"675\" src=\"https:\/\/www.youtube.com\/embed\/qg8fbmhCYPY?feature=oembed\" frameborder=\"0\" allow=\"accelerometer; autoplay; clipboard-write; encrypted-media; gyroscope; picture-in-picture; web-share\" referrerpolicy=\"strict-origin-when-cross-origin\" allowfullscreen><\/iframe><\/div>\n<\/div><\/figure>\n","protected":false},"excerpt":{"rendered":"<p>Iako su brojne politike i programi za unapre\u0111enje polo\u017eaja Roma pokretani jo\u0161 od sredine 2000-ih, tema ratnih zlo\u010dina nad romskom populacijom gotovo da nije bila prisutna. U institucijama se \u010desto smatralo da \u201enije vrijeme\u201c za takve razgovore i da se prioritet treba staviti na socio-ekonomska pitanja. Sanela Be\u0161i\u0107, izvr\u0161na direktorica udru\u017eenja Kali Sara \u2013 Romski [&hellip;]<\/p>\n","protected":false},"author":1,"featured_media":14657,"comment_status":"closed","ping_status":"open","sticky":false,"template":"","format":"standard","meta":{"_acf_changed":false,"_uag_custom_page_level_css":"","footnotes":""},"categories":[1,131],"tags":[],"class_list":["post-14656","post","type-post","status-publish","format-standard","has-post-thumbnail","hentry","category-1","category-stradanje-roma-1992-1995"],"acf":[],"yoast_head":"<!-- This site is optimized with the Yoast SEO plugin v28.2 - https:\/\/yoast.com\/product\/yoast-seo-wordpress\/ -->\n<title>Video: Glas za one koji se boje govoriti\u00a0 - Kali Sara<\/title>\n<meta name=\"robots\" content=\"index, follow, max-snippet:-1, max-image-preview:large, max-video-preview:-1\" \/>\n<link rel=\"canonical\" href=\"https:\/\/kalisara-ric.ba\/index.php\/2026\/08\/26\/video-glas-za-one-koji-se-boje-govoriti\/\" \/>\n<meta property=\"og:locale\" content=\"bs_BA\" \/>\n<meta property=\"og:type\" content=\"article\" \/>\n<meta property=\"og:title\" content=\"Video: Glas za one koji se boje govoriti\u00a0 - Kali Sara\" \/>\n<meta property=\"og:description\" content=\"Iako su brojne politike i programi za unapre\u0111enje polo\u017eaja Roma pokretani jo\u0161 od sredine 2000-ih, tema ratnih zlo\u010dina nad romskom populacijom gotovo da nije bila prisutna. U institucijama se \u010desto smatralo da \u201enije vrijeme\u201c za takve razgovore i da se prioritet treba staviti na socio-ekonomska pitanja. Sanela Be\u0161i\u0107, izvr\u0161na direktorica udru\u017eenja Kali Sara \u2013 Romski [&hellip;]\" \/>\n<meta property=\"og:url\" content=\"https:\/\/kalisara-ric.ba\/index.php\/2026\/08\/26\/video-glas-za-one-koji-se-boje-govoriti\/\" \/>\n<meta property=\"og:site_name\" content=\"Kali Sara\" \/>\n<meta property=\"article:publisher\" content=\"https:\/\/www.facebook.com\/KaliSaraRic\" \/>\n<meta property=\"article:published_time\" content=\"2026-08-26T06:50:38+00:00\" \/>\n<meta property=\"article:modified_time\" content=\"2026-08-26T06:51:47+00:00\" \/>\n<meta property=\"og:image\" content=\"https:\/\/kalisara-ric.ba\/wp-content\/uploads\/2026\/08\/Untitled-4.png\" \/>\n\t<meta property=\"og:image:width\" content=\"600\" \/>\n\t<meta property=\"og:image:height\" content=\"359\" \/>\n\t<meta property=\"og:image:type\" content=\"image\/png\" \/>\n<meta name=\"author\" content=\"admin\" \/>\n<meta name=\"twitter:card\" content=\"summary_large_image\" \/>\n<meta name=\"twitter:label1\" content=\"Written by\" \/>\n\t<meta name=\"twitter:data1\" content=\"admin\" \/>\n\t<meta name=\"twitter:label2\" content=\"Est. reading time\" \/>\n\t<meta name=\"twitter:data2\" content=\"3 minute\" \/>\n<script type=\"application\/ld+json\" class=\"yoast-schema-graph\">{\"@context\":\"https:\\\/\\\/schema.org\",\"@graph\":[{\"@type\":\"Article\",\"@id\":\"https:\\\/\\\/kalisara-ric.ba\\\/index.php\\\/2026\\\/08\\\/26\\\/video-glas-za-one-koji-se-boje-govoriti\\\/#article\",\"isPartOf\":{\"@id\":\"https:\\\/\\\/kalisara-ric.ba\\\/index.php\\\/2026\\\/08\\\/26\\\/video-glas-za-one-koji-se-boje-govoriti\\\/\"},\"author\":{\"name\":\"admin\",\"@id\":\"https:\\\/\\\/kalisara-ric.ba\\\/#\\\/schema\\\/person\\\/95fe1938ae8b18734cb78a2bcfd8bc24\"},\"headline\":\"Video: Glas za one koji se boje govoriti\u00a0\",\"datePublished\":\"2026-08-26T06:50:38+00:00\",\"dateModified\":\"2026-08-26T06:51:47+00:00\",\"mainEntityOfPage\":{\"@id\":\"https:\\\/\\\/kalisara-ric.ba\\\/index.php\\\/2026\\\/08\\\/26\\\/video-glas-za-one-koji-se-boje-govoriti\\\/\"},\"wordCount\":452,\"publisher\":{\"@id\":\"https:\\\/\\\/kalisara-ric.ba\\\/#organization\"},\"image\":{\"@id\":\"https:\\\/\\\/kalisara-ric.ba\\\/index.php\\\/2026\\\/08\\\/26\\\/video-glas-za-one-koji-se-boje-govoriti\\\/#primaryimage\"},\"thumbnailUrl\":\"https:\\\/\\\/kalisara-ric.ba\\\/wp-content\\\/uploads\\\/2026\\\/08\\\/Untitled-4.png\",\"articleSection\":[\"\u200e \u200e\",\"Stradanje Roma 1992\u20131995\"],\"inLanguage\":\"bs-BA\"},{\"@type\":\"WebPage\",\"@id\":\"https:\\\/\\\/kalisara-ric.ba\\\/index.php\\\/2026\\\/08\\\/26\\\/video-glas-za-one-koji-se-boje-govoriti\\\/\",\"url\":\"https:\\\/\\\/kalisara-ric.ba\\\/index.php\\\/2026\\\/08\\\/26\\\/video-glas-za-one-koji-se-boje-govoriti\\\/\",\"name\":\"Video: Glas za one koji se boje govoriti\u00a0 - Kali Sara\",\"isPartOf\":{\"@id\":\"https:\\\/\\\/kalisara-ric.ba\\\/#website\"},\"primaryImageOfPage\":{\"@id\":\"https:\\\/\\\/kalisara-ric.ba\\\/index.php\\\/2026\\\/08\\\/26\\\/video-glas-za-one-koji-se-boje-govoriti\\\/#primaryimage\"},\"image\":{\"@id\":\"https:\\\/\\\/kalisara-ric.ba\\\/index.php\\\/2026\\\/08\\\/26\\\/video-glas-za-one-koji-se-boje-govoriti\\\/#primaryimage\"},\"thumbnailUrl\":\"https:\\\/\\\/kalisara-ric.ba\\\/wp-content\\\/uploads\\\/2026\\\/08\\\/Untitled-4.png\",\"datePublished\":\"2026-08-26T06:50:38+00:00\",\"dateModified\":\"2026-08-26T06:51:47+00:00\",\"breadcrumb\":{\"@id\":\"https:\\\/\\\/kalisara-ric.ba\\\/index.php\\\/2026\\\/08\\\/26\\\/video-glas-za-one-koji-se-boje-govoriti\\\/#breadcrumb\"},\"inLanguage\":\"bs-BA\",\"potentialAction\":[{\"@type\":\"ReadAction\",\"target\":[\"https:\\\/\\\/kalisara-ric.ba\\\/index.php\\\/2026\\\/08\\\/26\\\/video-glas-za-one-koji-se-boje-govoriti\\\/\"]}]},{\"@type\":\"ImageObject\",\"inLanguage\":\"bs-BA\",\"@id\":\"https:\\\/\\\/kalisara-ric.ba\\\/index.php\\\/2026\\\/08\\\/26\\\/video-glas-za-one-koji-se-boje-govoriti\\\/#primaryimage\",\"url\":\"https:\\\/\\\/kalisara-ric.ba\\\/wp-content\\\/uploads\\\/2026\\\/08\\\/Untitled-4.png\",\"contentUrl\":\"https:\\\/\\\/kalisara-ric.ba\\\/wp-content\\\/uploads\\\/2026\\\/08\\\/Untitled-4.png\",\"width\":600,\"height\":359},{\"@type\":\"BreadcrumbList\",\"@id\":\"https:\\\/\\\/kalisara-ric.ba\\\/index.php\\\/2026\\\/08\\\/26\\\/video-glas-za-one-koji-se-boje-govoriti\\\/#breadcrumb\",\"itemListElement\":[{\"@type\":\"ListItem\",\"position\":1,\"name\":\"Home\",\"item\":\"https:\\\/\\\/kalisara-ric.ba\\\/\"},{\"@type\":\"ListItem\",\"position\":2,\"name\":\"Video: Glas za one koji se boje govoriti\u00a0\"}]},{\"@type\":\"WebSite\",\"@id\":\"https:\\\/\\\/kalisara-ric.ba\\\/#website\",\"url\":\"https:\\\/\\\/kalisara-ric.ba\\\/\",\"name\":\"Kali Sara\",\"description\":\"Romski informativni centar (RIC) \u201eKali Sara\u201c\",\"publisher\":{\"@id\":\"https:\\\/\\\/kalisara-ric.ba\\\/#organization\"},\"potentialAction\":[{\"@type\":\"SearchAction\",\"target\":{\"@type\":\"EntryPoint\",\"urlTemplate\":\"https:\\\/\\\/kalisara-ric.ba\\\/?s={search_term_string}\"},\"query-input\":{\"@type\":\"PropertyValueSpecification\",\"valueRequired\":true,\"valueName\":\"search_term_string\"}}],\"inLanguage\":\"bs-BA\"},{\"@type\":\"Organization\",\"@id\":\"https:\\\/\\\/kalisara-ric.ba\\\/#organization\",\"name\":\"Kali Sara\",\"url\":\"https:\\\/\\\/kalisara-ric.ba\\\/\",\"logo\":{\"@type\":\"ImageObject\",\"inLanguage\":\"bs-BA\",\"@id\":\"https:\\\/\\\/kalisara-ric.ba\\\/#\\\/schema\\\/logo\\\/image\\\/\",\"url\":\"https:\\\/\\\/kalisara-ric.ba\\\/wp-content\\\/uploads\\\/2025\\\/12\\\/Call-for-Experts-to-Join-the-Working-Group-on-Antigypsyism-in-EU-funded-project-Kali-Sara.jpg\",\"contentUrl\":\"https:\\\/\\\/kalisara-ric.ba\\\/wp-content\\\/uploads\\\/2025\\\/12\\\/Call-for-Experts-to-Join-the-Working-Group-on-Antigypsyism-in-EU-funded-project-Kali-Sara.jpg\",\"width\":854,\"height\":306,\"caption\":\"Kali Sara\"},\"image\":{\"@id\":\"https:\\\/\\\/kalisara-ric.ba\\\/#\\\/schema\\\/logo\\\/image\\\/\"},\"sameAs\":[\"https:\\\/\\\/www.facebook.com\\\/KaliSaraRic\"]},{\"@type\":\"Person\",\"@id\":\"https:\\\/\\\/kalisara-ric.ba\\\/#\\\/schema\\\/person\\\/95fe1938ae8b18734cb78a2bcfd8bc24\",\"name\":\"admin\",\"image\":{\"@type\":\"ImageObject\",\"inLanguage\":\"bs-BA\",\"@id\":\"https:\\\/\\\/secure.gravatar.com\\\/avatar\\\/0561d16f2075b31a322d6b31934c2f6a9a2483c43b8ec9e25891fe51eee92ee2?s=96&d=mm&r=g\",\"url\":\"https:\\\/\\\/secure.gravatar.com\\\/avatar\\\/0561d16f2075b31a322d6b31934c2f6a9a2483c43b8ec9e25891fe51eee92ee2?s=96&d=mm&r=g\",\"contentUrl\":\"https:\\\/\\\/secure.gravatar.com\\\/avatar\\\/0561d16f2075b31a322d6b31934c2f6a9a2483c43b8ec9e25891fe51eee92ee2?s=96&d=mm&r=g\",\"caption\":\"admin\"},\"sameAs\":[\"https:\\\/\\\/kalisara-ric.ba\"],\"url\":\"https:\\\/\\\/kalisara-ric.ba\\\/index.php\\\/author\\\/kalisara\\\/\"}]}<\/script>\n<!-- \/ Yoast SEO plugin. -->","yoast_head_json":{"title":"Video: Glas za one koji se boje govoriti\u00a0 - Kali Sara","robots":{"index":"index","follow":"follow","max-snippet":"max-snippet:-1","max-image-preview":"max-image-preview:large","max-video-preview":"max-video-preview:-1"},"canonical":"https:\/\/kalisara-ric.ba\/index.php\/2026\/08\/26\/video-glas-za-one-koji-se-boje-govoriti\/","og_locale":"bs_BA","og_type":"article","og_title":"Video: Glas za one koji se boje govoriti\u00a0 - Kali Sara","og_description":"Iako su brojne politike i programi za unapre\u0111enje polo\u017eaja Roma pokretani jo\u0161 od sredine 2000-ih, tema ratnih zlo\u010dina nad romskom populacijom gotovo da nije bila prisutna. U institucijama se \u010desto smatralo da \u201enije vrijeme\u201c za takve razgovore i da se prioritet treba staviti na socio-ekonomska pitanja. Sanela Be\u0161i\u0107, izvr\u0161na direktorica udru\u017eenja Kali Sara \u2013 Romski [&hellip;]","og_url":"https:\/\/kalisara-ric.ba\/index.php\/2026\/08\/26\/video-glas-za-one-koji-se-boje-govoriti\/","og_site_name":"Kali Sara","article_publisher":"https:\/\/www.facebook.com\/KaliSaraRic","article_published_time":"2026-08-26T06:50:38+00:00","article_modified_time":"2026-08-26T06:51:47+00:00","og_image":[{"width":600,"height":359,"url":"https:\/\/kalisara-ric.ba\/wp-content\/uploads\/2026\/08\/Untitled-4.png","type":"image\/png"}],"author":"admin","twitter_card":"summary_large_image","twitter_misc":{"Written by":"admin","Est. reading time":"3 minute"},"schema":{"@context":"https:\/\/schema.org","@graph":[{"@type":"Article","@id":"https:\/\/kalisara-ric.ba\/index.php\/2026\/08\/26\/video-glas-za-one-koji-se-boje-govoriti\/#article","isPartOf":{"@id":"https:\/\/kalisara-ric.ba\/index.php\/2026\/08\/26\/video-glas-za-one-koji-se-boje-govoriti\/"},"author":{"name":"admin","@id":"https:\/\/kalisara-ric.ba\/#\/schema\/person\/95fe1938ae8b18734cb78a2bcfd8bc24"},"headline":"Video: Glas za one koji se boje govoriti\u00a0","datePublished":"2026-08-26T06:50:38+00:00","dateModified":"2026-08-26T06:51:47+00:00","mainEntityOfPage":{"@id":"https:\/\/kalisara-ric.ba\/index.php\/2026\/08\/26\/video-glas-za-one-koji-se-boje-govoriti\/"},"wordCount":452,"publisher":{"@id":"https:\/\/kalisara-ric.ba\/#organization"},"image":{"@id":"https:\/\/kalisara-ric.ba\/index.php\/2026\/08\/26\/video-glas-za-one-koji-se-boje-govoriti\/#primaryimage"},"thumbnailUrl":"https:\/\/kalisara-ric.ba\/wp-content\/uploads\/2026\/08\/Untitled-4.png","articleSection":["\u200e \u200e","Stradanje Roma 1992\u20131995"],"inLanguage":"bs-BA"},{"@type":"WebPage","@id":"https:\/\/kalisara-ric.ba\/index.php\/2026\/08\/26\/video-glas-za-one-koji-se-boje-govoriti\/","url":"https:\/\/kalisara-ric.ba\/index.php\/2026\/08\/26\/video-glas-za-one-koji-se-boje-govoriti\/","name":"Video: Glas za one koji se boje govoriti\u00a0 - Kali Sara","isPartOf":{"@id":"https:\/\/kalisara-ric.ba\/#website"},"primaryImageOfPage":{"@id":"https:\/\/kalisara-ric.ba\/index.php\/2026\/08\/26\/video-glas-za-one-koji-se-boje-govoriti\/#primaryimage"},"image":{"@id":"https:\/\/kalisara-ric.ba\/index.php\/2026\/08\/26\/video-glas-za-one-koji-se-boje-govoriti\/#primaryimage"},"thumbnailUrl":"https:\/\/kalisara-ric.ba\/wp-content\/uploads\/2026\/08\/Untitled-4.png","datePublished":"2026-08-26T06:50:38+00:00","dateModified":"2026-08-26T06:51:47+00:00","breadcrumb":{"@id":"https:\/\/kalisara-ric.ba\/index.php\/2026\/08\/26\/video-glas-za-one-koji-se-boje-govoriti\/#breadcrumb"},"inLanguage":"bs-BA","potentialAction":[{"@type":"ReadAction","target":["https:\/\/kalisara-ric.ba\/index.php\/2026\/08\/26\/video-glas-za-one-koji-se-boje-govoriti\/"]}]},{"@type":"ImageObject","inLanguage":"bs-BA","@id":"https:\/\/kalisara-ric.ba\/index.php\/2026\/08\/26\/video-glas-za-one-koji-se-boje-govoriti\/#primaryimage","url":"https:\/\/kalisara-ric.ba\/wp-content\/uploads\/2026\/08\/Untitled-4.png","contentUrl":"https:\/\/kalisara-ric.ba\/wp-content\/uploads\/2026\/08\/Untitled-4.png","width":600,"height":359},{"@type":"BreadcrumbList","@id":"https:\/\/kalisara-ric.ba\/index.php\/2026\/08\/26\/video-glas-za-one-koji-se-boje-govoriti\/#breadcrumb","itemListElement":[{"@type":"ListItem","position":1,"name":"Home","item":"https:\/\/kalisara-ric.ba\/"},{"@type":"ListItem","position":2,"name":"Video: Glas za one koji se boje govoriti\u00a0"}]},{"@type":"WebSite","@id":"https:\/\/kalisara-ric.ba\/#website","url":"https:\/\/kalisara-ric.ba\/","name":"Kali Sara","description":"Romski informativni centar (RIC) \u201eKali Sara\u201c","publisher":{"@id":"https:\/\/kalisara-ric.ba\/#organization"},"potentialAction":[{"@type":"SearchAction","target":{"@type":"EntryPoint","urlTemplate":"https:\/\/kalisara-ric.ba\/?s={search_term_string}"},"query-input":{"@type":"PropertyValueSpecification","valueRequired":true,"valueName":"search_term_string"}}],"inLanguage":"bs-BA"},{"@type":"Organization","@id":"https:\/\/kalisara-ric.ba\/#organization","name":"Kali Sara","url":"https:\/\/kalisara-ric.ba\/","logo":{"@type":"ImageObject","inLanguage":"bs-BA","@id":"https:\/\/kalisara-ric.ba\/#\/schema\/logo\/image\/","url":"https:\/\/kalisara-ric.ba\/wp-content\/uploads\/2025\/12\/Call-for-Experts-to-Join-the-Working-Group-on-Antigypsyism-in-EU-funded-project-Kali-Sara.jpg","contentUrl":"https:\/\/kalisara-ric.ba\/wp-content\/uploads\/2025\/12\/Call-for-Experts-to-Join-the-Working-Group-on-Antigypsyism-in-EU-funded-project-Kali-Sara.jpg","width":854,"height":306,"caption":"Kali Sara"},"image":{"@id":"https:\/\/kalisara-ric.ba\/#\/schema\/logo\/image\/"},"sameAs":["https:\/\/www.facebook.com\/KaliSaraRic"]},{"@type":"Person","@id":"https:\/\/kalisara-ric.ba\/#\/schema\/person\/95fe1938ae8b18734cb78a2bcfd8bc24","name":"admin","image":{"@type":"ImageObject","inLanguage":"bs-BA","@id":"https:\/\/secure.gravatar.com\/avatar\/0561d16f2075b31a322d6b31934c2f6a9a2483c43b8ec9e25891fe51eee92ee2?s=96&d=mm&r=g","url":"https:\/\/secure.gravatar.com\/avatar\/0561d16f2075b31a322d6b31934c2f6a9a2483c43b8ec9e25891fe51eee92ee2?s=96&d=mm&r=g","contentUrl":"https:\/\/secure.gravatar.com\/avatar\/0561d16f2075b31a322d6b31934c2f6a9a2483c43b8ec9e25891fe51eee92ee2?s=96&d=mm&r=g","caption":"admin"},"sameAs":["https:\/\/kalisara-ric.ba"],"url":"https:\/\/kalisara-ric.ba\/index.php\/author\/kalisara\/"}]}},"uagb_featured_image_src":{"full":["https:\/\/kalisara-ric.ba\/wp-content\/uploads\/2026\/08\/Untitled-4.png",600,359,false],"thumbnail":["https:\/\/kalisara-ric.ba\/wp-content\/uploads\/2026\/08\/Untitled-4-150x150.png",150,150,true],"medium":["https:\/\/kalisara-ric.ba\/wp-content\/uploads\/2026\/08\/Untitled-4-300x180.png",300,180,true],"medium_large":["https:\/\/kalisara-ric.ba\/wp-content\/uploads\/2026\/08\/Untitled-4.png",600,359,false],"large":["https:\/\/kalisara-ric.ba\/wp-content\/uploads\/2026\/08\/Untitled-4.png",600,359,false],"1536x1536":["https:\/\/kalisara-ric.ba\/wp-content\/uploads\/2026\/08\/Untitled-4.png",600,359,false],"2048x2048":["https:\/\/kalisara-ric.ba\/wp-content\/uploads\/2026\/08\/Untitled-4.png",600,359,false],"wesper_large":["https:\/\/kalisara-ric.ba\/wp-content\/uploads\/2026\/08\/Untitled-4.png",600,359,false],"wesper_medium":["https:\/\/kalisara-ric.ba\/wp-content\/uploads\/2026\/08\/Untitled-4.png",600,359,false],"wesper_small":["https:\/\/kalisara-ric.ba\/wp-content\/uploads\/2026\/08\/Untitled-4-150x150.png",150,150,true],"wesper_layouts":["https:\/\/kalisara-ric.ba\/wp-content\/uploads\/2026\/08\/Untitled-4.png",600,359,false],"wesper_list":["https:\/\/kalisara-ric.ba\/wp-content\/uploads\/2026\/08\/Untitled-4.png",600,359,false],"wesper_large_sload":["https:\/\/kalisara-ric.ba\/wp-content\/uploads\/2026\/08\/Untitled-4-20x12.png",20,12,true],"wesper_medium_sload":["https:\/\/kalisara-ric.ba\/wp-content\/uploads\/2026\/08\/Untitled-4-20x12.png",20,12,true],"wesper_small_sload":["https:\/\/kalisara-ric.ba\/wp-content\/uploads\/2026\/08\/Untitled-4-20x20.png",20,20,true],"wesper_layouts_sload":["https:\/\/kalisara-ric.ba\/wp-content\/uploads\/2026\/08\/Untitled-4-20x15.png",20,15,true],"wesper_list_sload":["https:\/\/kalisara-ric.ba\/wp-content\/uploads\/2026\/08\/Untitled-4-20x12.png",20,12,true]},"uagb_author_info":{"display_name":"admin","author_link":"https:\/\/kalisara-ric.ba\/index.php\/author\/kalisara\/"},"uagb_comment_info":0,"uagb_excerpt":"Iako su brojne politike i programi za unapre\u0111enje polo\u017eaja Roma pokretani jo\u0161 od sredine 2000-ih, tema ratnih zlo\u010dina nad romskom populacijom gotovo da nije bila prisutna. U institucijama se \u010desto smatralo da \u201enije vrijeme\u201c za takve razgovore i da se prioritet treba staviti na socio-ekonomska pitanja. Sanela Be\u0161i\u0107, izvr\u0161na direktorica udru\u017eenja Kali Sara \u2013 Romski&hellip;","_links":{"self":[{"href":"https:\/\/kalisara-ric.ba\/index.php\/wp-json\/wp\/v2\/posts\/14656","targetHints":{"allow":["GET"]}}],"collection":[{"href":"https:\/\/kalisara-ric.ba\/index.php\/wp-json\/wp\/v2\/posts"}],"about":[{"href":"https:\/\/kalisara-ric.ba\/index.php\/wp-json\/wp\/v2\/types\/post"}],"author":[{"embeddable":true,"href":"https:\/\/kalisara-ric.ba\/index.php\/wp-json\/wp\/v2\/users\/1"}],"replies":[{"embeddable":true,"href":"https:\/\/kalisara-ric.ba\/index.php\/wp-json\/wp\/v2\/comments?post=14656"}],"version-history":[{"count":1,"href":"https:\/\/kalisara-ric.ba\/index.php\/wp-json\/wp\/v2\/posts\/14656\/revisions"}],"predecessor-version":[{"id":14659,"href":"https:\/\/kalisara-ric.ba\/index.php\/wp-json\/wp\/v2\/posts\/14656\/revisions\/14659"}],"wp:featuredmedia":[{"embeddable":true,"href":"https:\/\/kalisara-ric.ba\/index.php\/wp-json\/wp\/v2\/media\/14657"}],"wp:attachment":[{"href":"https:\/\/kalisara-ric.ba\/index.php\/wp-json\/wp\/v2\/media?parent=14656"}],"wp:term":[{"taxonomy":"category","embeddable":true,"href":"https:\/\/kalisara-ric.ba\/index.php\/wp-json\/wp\/v2\/categories?post=14656"},{"taxonomy":"post_tag","embeddable":true,"href":"https:\/\/kalisara-ric.ba\/index.php\/wp-json\/wp\/v2\/tags?post=14656"}],"curies":[{"name":"wp","href":"https:\/\/api.w.org\/{rel}","templated":true}]}}