{"id":14661,"date":"2026-09-02T07:05:00","date_gmt":"2026-09-02T05:05:00","guid":{"rendered":"https:\/\/kalisara-ric.ba\/?p=14661"},"modified":"2026-09-02T07:22:30","modified_gmt":"2026-09-02T05:22:30","slug":"video-o-seksualnom-nasilju-o-kojem-se-najmanje-govori","status":"publish","type":"post","link":"https:\/\/kalisara-ric.ba\/index.php\/2026\/09\/02\/video-o-seksualnom-nasilju-o-kojem-se-najmanje-govori\/","title":{"rendered":"Video: O seksualnom nasilju o kojem se najmanje govori"},"content":{"rendered":"\n<p class=\"wp-block-paragraph\">Azra Biberovi\u0107, dugogodi\u0161nja aktivistkinja u nevladinom sektoru, godinama je radila sa romskom zajednicom, posebno sa \u017eenama i djevoj\u010dicama. Ipak, o ratnim iskustvima se nije govorilo. Prvi put je o tome razgovarala sa vlastitim roditeljima tek u svojoj trideset drugoj godini, kada je saznala i za doga\u0111aje koji su pogodili njenu porodicu i rodbinu.<\/p>\n\n\n\n<p class=\"wp-block-paragraph\">Predstavljanje projektnih aktivnosti zapo\u010delo je upravo unutar porodice. Reakcije su bile sli\u010dne kao i u zajednici \u2013 nelagoda, zbunjenost i ti\u0161ina. Nakon vi\u0161e od trideset godina, ljudi su prvi put dobijali pitanja o ratu. Bilo je potrebno vrijeme i povjerenje da bi se sagovornici opustili i po\u010deli govoriti o traumama koje su do\u017eivjeli.<\/p>\n\n\n\n<p class=\"wp-block-paragraph\">Svjedo\u010danstva ukazuju na te\u0161ke oblike nasilja: plja\u010dke, prisilno oduzimanje imovine i razli\u010dite oblike zlostavljanja. Posebno osjetljiva tema je seksualno nasilje, o kojem se najmanje govori. Prema prikupljenim iskustvima, naj\u010de\u0161\u0107e su stradavale djevoj\u010dice uzrasta izme\u0111u 15 i 17 godina, ali postoje i slu\u010dajevi mla\u0111ih. Neke \u017eene su pre\u017eivjele javno nasilje, a posljedice tih trauma prisutne su i danas.<\/p>\n\n\n\n<p class=\"wp-block-paragraph\">Mnoge od njih danas imaju porodice i djecu, a o svom iskustvu nikada nisu govorile ni najbli\u017eima. Tek kroz istra\u017eivanje odlu\u010dile su podijeliti svoja svjedo\u010danstva, ali bez javnog istupanja. Razlozi su strah i zabrinutost za porodicu, posebno jer po\u010dinitelji, u pojedinim slu\u010dajevima, i dalje \u017eive u istim sredinama. Pored \u017eena, postoje i mu\u0161karci koji su pre\u017eivjeli seksualno nasilje, ali su odbili govoriti o svom iskustvu. Razlozi su isti \u2014 strah, stigma i nedostatak osje\u0107aja sigurnosti.<\/p>\n\n\n\n<p class=\"wp-block-paragraph\">Rad na terenu i provo\u0111enje istra\u017eivanja &nbsp;je pokazalo da \u017ertvama prije svega nedostaje psiholo\u0161ka podr\u0161ka. Ona je klju\u010dni korak kako bi mogli govoriti o onome \u0161to su pre\u017eivjeli, ali i kako bi se otvorio prostor za priznavanje zlo\u010dina i dru\u0161tvenu podr\u0161ku.<\/p>\n\n\n\n<p class=\"wp-block-paragraph\">Dokumentovanje ovih svjedo\u010danstava predstavlja va\u017ean dio suo\u010davanja s pro\u0161lo\u0161\u0107u. Nakon tri decenije ti\u0161ine, ove pri\u010de postaju dio javnog pam\u0107enja \u2014 ne samo kao podsjetnik na pro\u0161lost, nego i kao poziv na priznanje i podr\u0161ku onima koji i danas nose posljedice rata.<\/p>\n\n\n\n<p class=\"wp-block-paragraph\">\u201eIz sjene u sje\u0107anje\u201c je serijal koji se bavi priznavanjem romskih \u017ertava i dokumentovanjem njihovog stradanja. Romske \u017ertve rata ostale su izvan slu\u017ebenih narativa i ve\u0107ine registara \u017ertava. Serijal realizuje Kali Sara \u2013 Romski informativni centar, kroz projekat \u201cUnapre\u0111enje u\u010de\u0161\u0107a Roma u tranzicijskoj pravdi u BiH\u201d, finansiran sredstvima Vlade Ujedinjenog Kraljevstva.<\/p>\n\n\n\n<figure class=\"wp-block-embed is-type-video is-provider-youtube wp-block-embed-youtube wp-embed-aspect-16-9 wp-has-aspect-ratio\"><div class=\"wp-block-embed__wrapper\">\n<div class=\"jlvid_container\"><iframe title=\"O seksualnom nasilju o kojem se najmanje govori\" width=\"1200\" height=\"675\" src=\"https:\/\/www.youtube.com\/embed\/dApsv-w-UNU?feature=oembed\" frameborder=\"0\" allow=\"accelerometer; autoplay; clipboard-write; encrypted-media; gyroscope; picture-in-picture; web-share\" referrerpolicy=\"strict-origin-when-cross-origin\" allowfullscreen><\/iframe><\/div>\n<\/div><\/figure>\n","protected":false},"excerpt":{"rendered":"<p>Azra Biberovi\u0107, dugogodi\u0161nja aktivistkinja u nevladinom sektoru, godinama je radila sa romskom zajednicom, posebno sa \u017eenama i djevoj\u010dicama. Ipak, o ratnim iskustvima se nije govorilo. Prvi put je o tome razgovarala sa vlastitim roditeljima tek u svojoj trideset drugoj godini, kada je saznala i za doga\u0111aje koji su pogodili njenu porodicu i rodbinu. Predstavljanje projektnih [&hellip;]<\/p>\n","protected":false},"author":1,"featured_media":14662,"comment_status":"closed","ping_status":"open","sticky":false,"template":"","format":"standard","meta":{"_acf_changed":false,"_uag_custom_page_level_css":"","footnotes":""},"categories":[131],"tags":[],"class_list":["post-14661","post","type-post","status-publish","format-standard","has-post-thumbnail","hentry","category-stradanje-roma-1992-1995"],"acf":[],"yoast_head":"<!-- This site is optimized with the Yoast SEO plugin v28.2 - https:\/\/yoast.com\/product\/yoast-seo-wordpress\/ -->\n<title>Video: O seksualnom nasilju o kojem se najmanje govori - Kali Sara<\/title>\n<meta name=\"robots\" content=\"index, follow, max-snippet:-1, max-image-preview:large, max-video-preview:-1\" \/>\n<link rel=\"canonical\" href=\"https:\/\/kalisara-ric.ba\/index.php\/2026\/09\/02\/video-o-seksualnom-nasilju-o-kojem-se-najmanje-govori\/\" \/>\n<meta property=\"og:locale\" content=\"bs_BA\" \/>\n<meta property=\"og:type\" content=\"article\" \/>\n<meta property=\"og:title\" content=\"Video: O seksualnom nasilju o kojem se najmanje govori - Kali Sara\" \/>\n<meta property=\"og:description\" content=\"Azra Biberovi\u0107, dugogodi\u0161nja aktivistkinja u nevladinom sektoru, godinama je radila sa romskom zajednicom, posebno sa \u017eenama i djevoj\u010dicama. Ipak, o ratnim iskustvima se nije govorilo. Prvi put je o tome razgovarala sa vlastitim roditeljima tek u svojoj trideset drugoj godini, kada je saznala i za doga\u0111aje koji su pogodili njenu porodicu i rodbinu. Predstavljanje projektnih [&hellip;]\" \/>\n<meta property=\"og:url\" content=\"https:\/\/kalisara-ric.ba\/index.php\/2026\/09\/02\/video-o-seksualnom-nasilju-o-kojem-se-najmanje-govori\/\" \/>\n<meta property=\"og:site_name\" content=\"Kali Sara\" \/>\n<meta property=\"article:publisher\" content=\"https:\/\/www.facebook.com\/KaliSaraRic\" \/>\n<meta property=\"article:published_time\" content=\"2026-09-02T05:05:00+00:00\" \/>\n<meta property=\"article:modified_time\" content=\"2026-09-02T05:22:30+00:00\" \/>\n<meta property=\"og:image\" content=\"https:\/\/kalisara-ric.ba\/wp-content\/uploads\/2026\/09\/Untitled.jpg\" \/>\n\t<meta property=\"og:image:width\" content=\"599\" \/>\n\t<meta property=\"og:image:height\" content=\"285\" \/>\n\t<meta property=\"og:image:type\" content=\"image\/jpeg\" \/>\n<meta name=\"author\" content=\"admin\" \/>\n<meta name=\"twitter:card\" content=\"summary_large_image\" \/>\n<meta name=\"twitter:label1\" content=\"Written by\" \/>\n\t<meta name=\"twitter:data1\" content=\"admin\" \/>\n\t<meta name=\"twitter:label2\" content=\"Est. reading time\" \/>\n\t<meta name=\"twitter:data2\" content=\"3 minute\" \/>\n<script type=\"application\/ld+json\" class=\"yoast-schema-graph\">{\"@context\":\"https:\\\/\\\/schema.org\",\"@graph\":[{\"@type\":\"Article\",\"@id\":\"https:\\\/\\\/kalisara-ric.ba\\\/index.php\\\/2026\\\/09\\\/02\\\/video-o-seksualnom-nasilju-o-kojem-se-najmanje-govori\\\/#article\",\"isPartOf\":{\"@id\":\"https:\\\/\\\/kalisara-ric.ba\\\/index.php\\\/2026\\\/09\\\/02\\\/video-o-seksualnom-nasilju-o-kojem-se-najmanje-govori\\\/\"},\"author\":{\"name\":\"admin\",\"@id\":\"https:\\\/\\\/kalisara-ric.ba\\\/#\\\/schema\\\/person\\\/95fe1938ae8b18734cb78a2bcfd8bc24\"},\"headline\":\"Video: O seksualnom nasilju o kojem se najmanje govori\",\"datePublished\":\"2026-09-02T05:05:00+00:00\",\"dateModified\":\"2026-09-02T05:22:30+00:00\",\"mainEntityOfPage\":{\"@id\":\"https:\\\/\\\/kalisara-ric.ba\\\/index.php\\\/2026\\\/09\\\/02\\\/video-o-seksualnom-nasilju-o-kojem-se-najmanje-govori\\\/\"},\"wordCount\":436,\"publisher\":{\"@id\":\"https:\\\/\\\/kalisara-ric.ba\\\/#organization\"},\"image\":{\"@id\":\"https:\\\/\\\/kalisara-ric.ba\\\/index.php\\\/2026\\\/09\\\/02\\\/video-o-seksualnom-nasilju-o-kojem-se-najmanje-govori\\\/#primaryimage\"},\"thumbnailUrl\":\"https:\\\/\\\/kalisara-ric.ba\\\/wp-content\\\/uploads\\\/2026\\\/09\\\/Untitled.jpg\",\"articleSection\":[\"Stradanje Roma 1992\u20131995\"],\"inLanguage\":\"bs-BA\"},{\"@type\":\"WebPage\",\"@id\":\"https:\\\/\\\/kalisara-ric.ba\\\/index.php\\\/2026\\\/09\\\/02\\\/video-o-seksualnom-nasilju-o-kojem-se-najmanje-govori\\\/\",\"url\":\"https:\\\/\\\/kalisara-ric.ba\\\/index.php\\\/2026\\\/09\\\/02\\\/video-o-seksualnom-nasilju-o-kojem-se-najmanje-govori\\\/\",\"name\":\"Video: O seksualnom nasilju o kojem se najmanje govori - Kali Sara\",\"isPartOf\":{\"@id\":\"https:\\\/\\\/kalisara-ric.ba\\\/#website\"},\"primaryImageOfPage\":{\"@id\":\"https:\\\/\\\/kalisara-ric.ba\\\/index.php\\\/2026\\\/09\\\/02\\\/video-o-seksualnom-nasilju-o-kojem-se-najmanje-govori\\\/#primaryimage\"},\"image\":{\"@id\":\"https:\\\/\\\/kalisara-ric.ba\\\/index.php\\\/2026\\\/09\\\/02\\\/video-o-seksualnom-nasilju-o-kojem-se-najmanje-govori\\\/#primaryimage\"},\"thumbnailUrl\":\"https:\\\/\\\/kalisara-ric.ba\\\/wp-content\\\/uploads\\\/2026\\\/09\\\/Untitled.jpg\",\"datePublished\":\"2026-09-02T05:05:00+00:00\",\"dateModified\":\"2026-09-02T05:22:30+00:00\",\"breadcrumb\":{\"@id\":\"https:\\\/\\\/kalisara-ric.ba\\\/index.php\\\/2026\\\/09\\\/02\\\/video-o-seksualnom-nasilju-o-kojem-se-najmanje-govori\\\/#breadcrumb\"},\"inLanguage\":\"bs-BA\",\"potentialAction\":[{\"@type\":\"ReadAction\",\"target\":[\"https:\\\/\\\/kalisara-ric.ba\\\/index.php\\\/2026\\\/09\\\/02\\\/video-o-seksualnom-nasilju-o-kojem-se-najmanje-govori\\\/\"]}]},{\"@type\":\"ImageObject\",\"inLanguage\":\"bs-BA\",\"@id\":\"https:\\\/\\\/kalisara-ric.ba\\\/index.php\\\/2026\\\/09\\\/02\\\/video-o-seksualnom-nasilju-o-kojem-se-najmanje-govori\\\/#primaryimage\",\"url\":\"https:\\\/\\\/kalisara-ric.ba\\\/wp-content\\\/uploads\\\/2026\\\/09\\\/Untitled.jpg\",\"contentUrl\":\"https:\\\/\\\/kalisara-ric.ba\\\/wp-content\\\/uploads\\\/2026\\\/09\\\/Untitled.jpg\",\"width\":599,\"height\":285},{\"@type\":\"BreadcrumbList\",\"@id\":\"https:\\\/\\\/kalisara-ric.ba\\\/index.php\\\/2026\\\/09\\\/02\\\/video-o-seksualnom-nasilju-o-kojem-se-najmanje-govori\\\/#breadcrumb\",\"itemListElement\":[{\"@type\":\"ListItem\",\"position\":1,\"name\":\"Home\",\"item\":\"https:\\\/\\\/kalisara-ric.ba\\\/\"},{\"@type\":\"ListItem\",\"position\":2,\"name\":\"Video: O seksualnom nasilju o kojem se najmanje govori\"}]},{\"@type\":\"WebSite\",\"@id\":\"https:\\\/\\\/kalisara-ric.ba\\\/#website\",\"url\":\"https:\\\/\\\/kalisara-ric.ba\\\/\",\"name\":\"Kali Sara\",\"description\":\"Romski informativni centar (RIC) \u201eKali Sara\u201c\",\"publisher\":{\"@id\":\"https:\\\/\\\/kalisara-ric.ba\\\/#organization\"},\"potentialAction\":[{\"@type\":\"SearchAction\",\"target\":{\"@type\":\"EntryPoint\",\"urlTemplate\":\"https:\\\/\\\/kalisara-ric.ba\\\/?s={search_term_string}\"},\"query-input\":{\"@type\":\"PropertyValueSpecification\",\"valueRequired\":true,\"valueName\":\"search_term_string\"}}],\"inLanguage\":\"bs-BA\"},{\"@type\":\"Organization\",\"@id\":\"https:\\\/\\\/kalisara-ric.ba\\\/#organization\",\"name\":\"Kali Sara\",\"url\":\"https:\\\/\\\/kalisara-ric.ba\\\/\",\"logo\":{\"@type\":\"ImageObject\",\"inLanguage\":\"bs-BA\",\"@id\":\"https:\\\/\\\/kalisara-ric.ba\\\/#\\\/schema\\\/logo\\\/image\\\/\",\"url\":\"https:\\\/\\\/kalisara-ric.ba\\\/wp-content\\\/uploads\\\/2025\\\/12\\\/Call-for-Experts-to-Join-the-Working-Group-on-Antigypsyism-in-EU-funded-project-Kali-Sara.jpg\",\"contentUrl\":\"https:\\\/\\\/kalisara-ric.ba\\\/wp-content\\\/uploads\\\/2025\\\/12\\\/Call-for-Experts-to-Join-the-Working-Group-on-Antigypsyism-in-EU-funded-project-Kali-Sara.jpg\",\"width\":854,\"height\":306,\"caption\":\"Kali Sara\"},\"image\":{\"@id\":\"https:\\\/\\\/kalisara-ric.ba\\\/#\\\/schema\\\/logo\\\/image\\\/\"},\"sameAs\":[\"https:\\\/\\\/www.facebook.com\\\/KaliSaraRic\"]},{\"@type\":\"Person\",\"@id\":\"https:\\\/\\\/kalisara-ric.ba\\\/#\\\/schema\\\/person\\\/95fe1938ae8b18734cb78a2bcfd8bc24\",\"name\":\"admin\",\"image\":{\"@type\":\"ImageObject\",\"inLanguage\":\"bs-BA\",\"@id\":\"https:\\\/\\\/secure.gravatar.com\\\/avatar\\\/0561d16f2075b31a322d6b31934c2f6a9a2483c43b8ec9e25891fe51eee92ee2?s=96&d=mm&r=g\",\"url\":\"https:\\\/\\\/secure.gravatar.com\\\/avatar\\\/0561d16f2075b31a322d6b31934c2f6a9a2483c43b8ec9e25891fe51eee92ee2?s=96&d=mm&r=g\",\"contentUrl\":\"https:\\\/\\\/secure.gravatar.com\\\/avatar\\\/0561d16f2075b31a322d6b31934c2f6a9a2483c43b8ec9e25891fe51eee92ee2?s=96&d=mm&r=g\",\"caption\":\"admin\"},\"sameAs\":[\"https:\\\/\\\/kalisara-ric.ba\"],\"url\":\"https:\\\/\\\/kalisara-ric.ba\\\/index.php\\\/author\\\/kalisara\\\/\"}]}<\/script>\n<!-- \/ Yoast SEO plugin. -->","yoast_head_json":{"title":"Video: O seksualnom nasilju o kojem se najmanje govori - Kali Sara","robots":{"index":"index","follow":"follow","max-snippet":"max-snippet:-1","max-image-preview":"max-image-preview:large","max-video-preview":"max-video-preview:-1"},"canonical":"https:\/\/kalisara-ric.ba\/index.php\/2026\/09\/02\/video-o-seksualnom-nasilju-o-kojem-se-najmanje-govori\/","og_locale":"bs_BA","og_type":"article","og_title":"Video: O seksualnom nasilju o kojem se najmanje govori - Kali Sara","og_description":"Azra Biberovi\u0107, dugogodi\u0161nja aktivistkinja u nevladinom sektoru, godinama je radila sa romskom zajednicom, posebno sa \u017eenama i djevoj\u010dicama. Ipak, o ratnim iskustvima se nije govorilo. Prvi put je o tome razgovarala sa vlastitim roditeljima tek u svojoj trideset drugoj godini, kada je saznala i za doga\u0111aje koji su pogodili njenu porodicu i rodbinu. Predstavljanje projektnih [&hellip;]","og_url":"https:\/\/kalisara-ric.ba\/index.php\/2026\/09\/02\/video-o-seksualnom-nasilju-o-kojem-se-najmanje-govori\/","og_site_name":"Kali Sara","article_publisher":"https:\/\/www.facebook.com\/KaliSaraRic","article_published_time":"2026-09-02T05:05:00+00:00","article_modified_time":"2026-09-02T05:22:30+00:00","og_image":[{"width":599,"height":285,"url":"https:\/\/kalisara-ric.ba\/wp-content\/uploads\/2026\/09\/Untitled.jpg","type":"image\/jpeg"}],"author":"admin","twitter_card":"summary_large_image","twitter_misc":{"Written by":"admin","Est. reading time":"3 minute"},"schema":{"@context":"https:\/\/schema.org","@graph":[{"@type":"Article","@id":"https:\/\/kalisara-ric.ba\/index.php\/2026\/09\/02\/video-o-seksualnom-nasilju-o-kojem-se-najmanje-govori\/#article","isPartOf":{"@id":"https:\/\/kalisara-ric.ba\/index.php\/2026\/09\/02\/video-o-seksualnom-nasilju-o-kojem-se-najmanje-govori\/"},"author":{"name":"admin","@id":"https:\/\/kalisara-ric.ba\/#\/schema\/person\/95fe1938ae8b18734cb78a2bcfd8bc24"},"headline":"Video: O seksualnom nasilju o kojem se najmanje govori","datePublished":"2026-09-02T05:05:00+00:00","dateModified":"2026-09-02T05:22:30+00:00","mainEntityOfPage":{"@id":"https:\/\/kalisara-ric.ba\/index.php\/2026\/09\/02\/video-o-seksualnom-nasilju-o-kojem-se-najmanje-govori\/"},"wordCount":436,"publisher":{"@id":"https:\/\/kalisara-ric.ba\/#organization"},"image":{"@id":"https:\/\/kalisara-ric.ba\/index.php\/2026\/09\/02\/video-o-seksualnom-nasilju-o-kojem-se-najmanje-govori\/#primaryimage"},"thumbnailUrl":"https:\/\/kalisara-ric.ba\/wp-content\/uploads\/2026\/09\/Untitled.jpg","articleSection":["Stradanje Roma 1992\u20131995"],"inLanguage":"bs-BA"},{"@type":"WebPage","@id":"https:\/\/kalisara-ric.ba\/index.php\/2026\/09\/02\/video-o-seksualnom-nasilju-o-kojem-se-najmanje-govori\/","url":"https:\/\/kalisara-ric.ba\/index.php\/2026\/09\/02\/video-o-seksualnom-nasilju-o-kojem-se-najmanje-govori\/","name":"Video: O seksualnom nasilju o kojem se najmanje govori - Kali Sara","isPartOf":{"@id":"https:\/\/kalisara-ric.ba\/#website"},"primaryImageOfPage":{"@id":"https:\/\/kalisara-ric.ba\/index.php\/2026\/09\/02\/video-o-seksualnom-nasilju-o-kojem-se-najmanje-govori\/#primaryimage"},"image":{"@id":"https:\/\/kalisara-ric.ba\/index.php\/2026\/09\/02\/video-o-seksualnom-nasilju-o-kojem-se-najmanje-govori\/#primaryimage"},"thumbnailUrl":"https:\/\/kalisara-ric.ba\/wp-content\/uploads\/2026\/09\/Untitled.jpg","datePublished":"2026-09-02T05:05:00+00:00","dateModified":"2026-09-02T05:22:30+00:00","breadcrumb":{"@id":"https:\/\/kalisara-ric.ba\/index.php\/2026\/09\/02\/video-o-seksualnom-nasilju-o-kojem-se-najmanje-govori\/#breadcrumb"},"inLanguage":"bs-BA","potentialAction":[{"@type":"ReadAction","target":["https:\/\/kalisara-ric.ba\/index.php\/2026\/09\/02\/video-o-seksualnom-nasilju-o-kojem-se-najmanje-govori\/"]}]},{"@type":"ImageObject","inLanguage":"bs-BA","@id":"https:\/\/kalisara-ric.ba\/index.php\/2026\/09\/02\/video-o-seksualnom-nasilju-o-kojem-se-najmanje-govori\/#primaryimage","url":"https:\/\/kalisara-ric.ba\/wp-content\/uploads\/2026\/09\/Untitled.jpg","contentUrl":"https:\/\/kalisara-ric.ba\/wp-content\/uploads\/2026\/09\/Untitled.jpg","width":599,"height":285},{"@type":"BreadcrumbList","@id":"https:\/\/kalisara-ric.ba\/index.php\/2026\/09\/02\/video-o-seksualnom-nasilju-o-kojem-se-najmanje-govori\/#breadcrumb","itemListElement":[{"@type":"ListItem","position":1,"name":"Home","item":"https:\/\/kalisara-ric.ba\/"},{"@type":"ListItem","position":2,"name":"Video: O seksualnom nasilju o kojem se najmanje govori"}]},{"@type":"WebSite","@id":"https:\/\/kalisara-ric.ba\/#website","url":"https:\/\/kalisara-ric.ba\/","name":"Kali Sara","description":"Romski informativni centar (RIC) \u201eKali Sara\u201c","publisher":{"@id":"https:\/\/kalisara-ric.ba\/#organization"},"potentialAction":[{"@type":"SearchAction","target":{"@type":"EntryPoint","urlTemplate":"https:\/\/kalisara-ric.ba\/?s={search_term_string}"},"query-input":{"@type":"PropertyValueSpecification","valueRequired":true,"valueName":"search_term_string"}}],"inLanguage":"bs-BA"},{"@type":"Organization","@id":"https:\/\/kalisara-ric.ba\/#organization","name":"Kali Sara","url":"https:\/\/kalisara-ric.ba\/","logo":{"@type":"ImageObject","inLanguage":"bs-BA","@id":"https:\/\/kalisara-ric.ba\/#\/schema\/logo\/image\/","url":"https:\/\/kalisara-ric.ba\/wp-content\/uploads\/2025\/12\/Call-for-Experts-to-Join-the-Working-Group-on-Antigypsyism-in-EU-funded-project-Kali-Sara.jpg","contentUrl":"https:\/\/kalisara-ric.ba\/wp-content\/uploads\/2025\/12\/Call-for-Experts-to-Join-the-Working-Group-on-Antigypsyism-in-EU-funded-project-Kali-Sara.jpg","width":854,"height":306,"caption":"Kali Sara"},"image":{"@id":"https:\/\/kalisara-ric.ba\/#\/schema\/logo\/image\/"},"sameAs":["https:\/\/www.facebook.com\/KaliSaraRic"]},{"@type":"Person","@id":"https:\/\/kalisara-ric.ba\/#\/schema\/person\/95fe1938ae8b18734cb78a2bcfd8bc24","name":"admin","image":{"@type":"ImageObject","inLanguage":"bs-BA","@id":"https:\/\/secure.gravatar.com\/avatar\/0561d16f2075b31a322d6b31934c2f6a9a2483c43b8ec9e25891fe51eee92ee2?s=96&d=mm&r=g","url":"https:\/\/secure.gravatar.com\/avatar\/0561d16f2075b31a322d6b31934c2f6a9a2483c43b8ec9e25891fe51eee92ee2?s=96&d=mm&r=g","contentUrl":"https:\/\/secure.gravatar.com\/avatar\/0561d16f2075b31a322d6b31934c2f6a9a2483c43b8ec9e25891fe51eee92ee2?s=96&d=mm&r=g","caption":"admin"},"sameAs":["https:\/\/kalisara-ric.ba"],"url":"https:\/\/kalisara-ric.ba\/index.php\/author\/kalisara\/"}]}},"uagb_featured_image_src":{"full":["https:\/\/kalisara-ric.ba\/wp-content\/uploads\/2026\/09\/Untitled.jpg",599,285,false],"thumbnail":["https:\/\/kalisara-ric.ba\/wp-content\/uploads\/2026\/09\/Untitled-150x150.jpg",150,150,true],"medium":["https:\/\/kalisara-ric.ba\/wp-content\/uploads\/2026\/09\/Untitled-300x143.jpg",300,143,true],"medium_large":["https:\/\/kalisara-ric.ba\/wp-content\/uploads\/2026\/09\/Untitled.jpg",599,285,false],"large":["https:\/\/kalisara-ric.ba\/wp-content\/uploads\/2026\/09\/Untitled.jpg",599,285,false],"1536x1536":["https:\/\/kalisara-ric.ba\/wp-content\/uploads\/2026\/09\/Untitled.jpg",599,285,false],"2048x2048":["https:\/\/kalisara-ric.ba\/wp-content\/uploads\/2026\/09\/Untitled.jpg",599,285,false],"wesper_large":["https:\/\/kalisara-ric.ba\/wp-content\/uploads\/2026\/09\/Untitled.jpg",599,285,false],"wesper_medium":["https:\/\/kalisara-ric.ba\/wp-content\/uploads\/2026\/09\/Untitled.jpg",599,285,false],"wesper_small":["https:\/\/kalisara-ric.ba\/wp-content\/uploads\/2026\/09\/Untitled-150x150.jpg",150,150,true],"wesper_layouts":["https:\/\/kalisara-ric.ba\/wp-content\/uploads\/2026\/09\/Untitled.jpg",599,285,false],"wesper_list":["https:\/\/kalisara-ric.ba\/wp-content\/uploads\/2026\/09\/Untitled.jpg",599,285,false],"wesper_large_sload":["https:\/\/kalisara-ric.ba\/wp-content\/uploads\/2026\/09\/Untitled-20x10.jpg",20,10,true],"wesper_medium_sload":["https:\/\/kalisara-ric.ba\/wp-content\/uploads\/2026\/09\/Untitled-20x10.jpg",20,10,true],"wesper_small_sload":["https:\/\/kalisara-ric.ba\/wp-content\/uploads\/2026\/09\/Untitled-20x20.jpg",20,20,true],"wesper_layouts_sload":["https:\/\/kalisara-ric.ba\/wp-content\/uploads\/2026\/09\/Untitled-20x15.jpg",20,15,true],"wesper_list_sload":["https:\/\/kalisara-ric.ba\/wp-content\/uploads\/2026\/09\/Untitled-20x10.jpg",20,10,true]},"uagb_author_info":{"display_name":"admin","author_link":"https:\/\/kalisara-ric.ba\/index.php\/author\/kalisara\/"},"uagb_comment_info":0,"uagb_excerpt":"Azra Biberovi\u0107, dugogodi\u0161nja aktivistkinja u nevladinom sektoru, godinama je radila sa romskom zajednicom, posebno sa \u017eenama i djevoj\u010dicama. Ipak, o ratnim iskustvima se nije govorilo. Prvi put je o tome razgovarala sa vlastitim roditeljima tek u svojoj trideset drugoj godini, kada je saznala i za doga\u0111aje koji su pogodili njenu porodicu i rodbinu. Predstavljanje projektnih&hellip;","_links":{"self":[{"href":"https:\/\/kalisara-ric.ba\/index.php\/wp-json\/wp\/v2\/posts\/14661","targetHints":{"allow":["GET"]}}],"collection":[{"href":"https:\/\/kalisara-ric.ba\/index.php\/wp-json\/wp\/v2\/posts"}],"about":[{"href":"https:\/\/kalisara-ric.ba\/index.php\/wp-json\/wp\/v2\/types\/post"}],"author":[{"embeddable":true,"href":"https:\/\/kalisara-ric.ba\/index.php\/wp-json\/wp\/v2\/users\/1"}],"replies":[{"embeddable":true,"href":"https:\/\/kalisara-ric.ba\/index.php\/wp-json\/wp\/v2\/comments?post=14661"}],"version-history":[{"count":2,"href":"https:\/\/kalisara-ric.ba\/index.php\/wp-json\/wp\/v2\/posts\/14661\/revisions"}],"predecessor-version":[{"id":14664,"href":"https:\/\/kalisara-ric.ba\/index.php\/wp-json\/wp\/v2\/posts\/14661\/revisions\/14664"}],"wp:featuredmedia":[{"embeddable":true,"href":"https:\/\/kalisara-ric.ba\/index.php\/wp-json\/wp\/v2\/media\/14662"}],"wp:attachment":[{"href":"https:\/\/kalisara-ric.ba\/index.php\/wp-json\/wp\/v2\/media?parent=14661"}],"wp:term":[{"taxonomy":"category","embeddable":true,"href":"https:\/\/kalisara-ric.ba\/index.php\/wp-json\/wp\/v2\/categories?post=14661"},{"taxonomy":"post_tag","embeddable":true,"href":"https:\/\/kalisara-ric.ba\/index.php\/wp-json\/wp\/v2\/tags?post=14661"}],"curies":[{"name":"wp","href":"https:\/\/api.w.org\/{rel}","templated":true}]}}